{"id":23814,"date":"2025-12-08T07:37:17","date_gmt":"2025-12-08T07:37:17","guid":{"rendered":"https:\/\/lenkaayurveda.sk\/?p=23814"},"modified":"2025-12-08T07:37:19","modified_gmt":"2025-12-08T07:37:19","slug":"preco-sa-mi-vecer-nechce-jest-alebo-naopak-mam-vlci-hlad","status":"publish","type":"post","link":"https:\/\/lenkaayurveda.sk\/index.php\/2025\/12\/08\/preco-sa-mi-vecer-nechce-jest-alebo-naopak-mam-vlci-hlad\/","title":{"rendered":"Pre\u010do sa mi ve\u010der nechce jes\u0165 (alebo naopak \u2013 m\u00e1m vl\u010d\u00ed hlad)?"},"content":{"rendered":"<blockquote>\n<p>Ke\u010f hlad a apet\u00edt nie s\u00fa len o discipl\u00edne, ale o energii, rytme a tr\u00e1ven\u00ed<\/p>\n<\/blockquote>\n<p>\u00a0<\/p>\n<h2>Nie je hlad ako hlad<\/h2>\n<p>Ve\u013ea \u013eud\u00ed sa p\u00fdta \u2013 je v poriadku, \u017ee ve\u010der nec\u00edtim hlad? Alebo naopak \u2013 pre\u010do ma po \u00f4smej ve\u010der prepadne neodolate\u013en\u00e1 chu\u0165 na jedlo, hoci cez de\u0148 jem celkom zdravo?<\/p>\n<p>Ayurv\u00e9da tieto stavy vn\u00edma ako odraz n\u00e1\u0161ho vn\u00fatorn\u00e9ho rytmu, energie a rovnov\u00e1hy tr\u00e1viaceho oh\u0148a \u2013 agni. Hovor\u00ed, \u017ee apet\u00edt nie je o pevnej v\u00f4li, ale o tom, ako v n\u00e1s pr\u00fadi \u017eivotn\u00e1 energia \u2013 pr\u0101na \u2013 po\u010das cel\u00e9ho d\u0148a<\/p>\n<h2>Ke\u010f ve\u010der nec\u00edti\u0161 hlad&#8230;<\/h2>\n<p>&#8211; M\u00f4\u017ee to by\u0165 znak toho, \u017ee tvoj tr\u00e1viaci ohe\u0148 (agni) u\u017e dohorel.<\/p>\n<p>&#8211; Mo\u017eno si po\u010das d\u0148a jedla ve\u013ea, neskoro alebo pr\u00edli\u0161 \u0165a\u017eko str\u00e1vite\u013en\u00e9 jedl\u00e1.<\/p>\n<p>&#8211; Alebo si jednoducho unaven\u00e1 a tvoje telo vol\u00ed regener\u00e1ciu pred tr\u00e1ven\u00edm.<\/p>\n<p>Z poh\u013eadu ayurv\u00e9dy je apet\u00edt nie\u010do, \u010do sa po\u010das d\u0148a men\u00ed. Najsilnej\u0161\u00ed by mal by\u0165 na obed \u2013 ke\u010f slnko (symbol tr\u00e1venia) stoj\u00ed najvy\u0161\u0161ie.<\/p>\n<p>Ak nec\u00edti\u0161 ve\u010der hlad:<\/p>\n<p>&#8211; je to prirodzen\u00e9, ak m\u00e1\u0161 vyv\u00e1\u017een\u00fd obed a \u013eahk\u00fd de\u0148<\/p>\n<p>&#8211; nezn\u00e1sil\u0148uj sa do jedenia zvy\u010dajnej porcie len preto, \u017ee \u201eby sa malo\u201c<\/p>\n<p>Ale pozor! Dlhodob\u00e9 nechutenstvo m\u00f4\u017ee nazna\u010dova\u0165 oslaben\u00e9 agni alebo nadbytok v\u00e1ty.<\/p>\n<h2>Ke\u010f pr\u00edde vl\u010d\u00ed hlad ve\u010der&#8230;<\/h2>\n<p>&#8211; M\u00f4\u017ee to znamena\u0165, \u017ee si cez de\u0148 nejedla dos\u0165 v\u00fd\u017eivne alebo pravidelne.<\/p>\n<p>&#8211; Alebo si v strese \u2013 a telo ve\u010der uvo\u013e\u0148uje nap\u00e4tie cez potrebu jedla.<\/p>\n<p>&#8211; V\u00e1ta typy maj\u00fa \u010dasto tendenciu vynech\u00e1va\u0165 jedlo, a\u017e k\u00fdm nie s\u00fa pr\u00edli\u0161 hladn\u00ed.<\/p>\n<p><strong>Ayurv\u00e9da tu rad\u00ed: <\/strong><\/p>\n<p>&#8211; nastav si rytmus jedla (ide\u00e1lne 2 alebo 3x denne, v rovnakom \u010dase)<\/p>\n<p>&#8211; jedz v\u00fd\u017eivne na obed \u2013 aby si ve\u010der nemusela \u201edoh\u00e1\u0148a\u0165\u201c ch\u00fdbaj\u00face \u017eiviny<\/p>\n<p>&#8211; pozoruj, \u010di ve\u010dern\u00fd hlad nie je len t\u00fa\u017eba po odpo\u010dinku alebo emo\u010dnej \u00fa\u013eave<\/p>\n<h2>\u010co s t\u00fdm? Ayurv\u00e9dske odpor\u00fa\u010dania<\/h2>\n<p>&#8211; Jedz hlavn\u00e9 jedlo na obed \u2013 tam m\u00e1\u0161 najsilnej\u0161ie tr\u00e1venie.<\/p>\n<p>&#8211; Ra\u0148ajkuj pod\u013ea typu \u2013 niekto potrebuje tepl\u00e9, v\u00fd\u017eivn\u00e9, in\u00fd len nie\u010do \u013eahk\u00e9, alebo ni\u010d.<\/p>\n<p>&#8211; Ve\u010dera by mala by\u0165 \u013eahk\u00e1, tepl\u00e1 a najnesk\u00f4r do 18:00.<\/p>\n<p>&#8211; Po\u010d\u00favaj svoje telo \u2013 ale nau\u010d sa rozl\u00ed\u0161i\u0165 prav\u00fd hlad od emo\u010dnej t\u00fa\u017eby.<\/p>\n<p>&#8211; Zav\u00e1dzaj pravidelnos\u0165 a pokoj pri jedle \u2013 t\u00fdm sa agni stabilizuje.<\/p>\n<h2>Chce\u0161 vedie\u0165, pre\u010do tvoje telo reaguje takto?<\/h2>\n<p>Vyh\u013eadaj odborn\u00edka, ktor\u00fd ti po diagnostike odporu\u010d\u00ed vhodn\u00fd \u017eivotn\u00fd \u0161t\u00fdl. Alebo sa pridaj k n\u00e1m na ayur\u00e9dsky pobyt, kde ti ayurv\u00e9dsky lek\u00e1r po d\u00f4k\u0142adnej diagnostike odporu\u010d\u00ed vhodn\u00fa o\u010distu, stravu, terapie, medic\u00ednu\u2026 Po takomto re\u0161tarte a s vhodn\u00fdmi odpor\u00fa\u010daniami v dom\u00e1cich podmienkach bude\u0161 u\u017e nast\u00e1lo vedie\u0165, \u010do je pre teba vhodn\u00e9. Nebude\u0161 u\u017e musie\u0165 h\u00e1da\u0165 a donekone\u010dna sk\u00fa\u0161a\u0165. Mo\u017eno zist\u00ed\u0161, \u017ee to, \u010do si roky pova\u017eovala za &#8222;slabos\u0165&#8220; \u2013 je len prirodzen\u00e1 potreba tvojej kon\u0161tit\u00facie.<\/p>\n<p>A ke\u010f to vie\u0161, vie\u0161 aj ako si upravi\u0165 de\u0148, jedlo a rytmus tak, aby si ve\u010der nemusela bojova\u0165 so svoj\u00edm hladom alebo nechutenstvom.<\/p>\n<h2>Hlad nie je tvoj nepriate\u013e. Je tvoj kompas.<\/h2>\n<p>Ke\u010f sa nau\u010d\u00ed\u0161 vn\u00edma\u0165 sign\u00e1ly svojho tela cez optiku ayurv\u00e9dy, prestane\u0161 sa b\u00e1\u0165 vlastn\u00fdch chut\u00ed. Nau\u010d\u00ed\u0161 sa ich \u010d\u00edta\u0165 \u2013 a s t\u00fdm prich\u00e1dza pokoj, rytmus a n\u00e1vrat k d\u00f4vere v seba.<\/p>\n\n\n<p><\/p>\n","protected":false},"excerpt":{"rendered":"<p>Zdravie nie je cie\u013e, ale prirodzen\u00fd stav, ke\u010f \u017eije\u0161 v s\u00falade so sebou<\/p>\n","protected":false},"author":1,"featured_media":23085,"comment_status":"closed","ping_status":"closed","sticky":false,"template":"","format":"standard","meta":{"_acf_changed":false,"footnotes":""},"categories":[4],"tags":[],"class_list":["post-23814","post","type-post","status-publish","format-standard","has-post-thumbnail","hentry","category-ayurveda"],"acf":[],"_links":{"self":[{"href":"https:\/\/lenkaayurveda.sk\/index.php\/wp-json\/wp\/v2\/posts\/23814","targetHints":{"allow":["GET"]}}],"collection":[{"href":"https:\/\/lenkaayurveda.sk\/index.php\/wp-json\/wp\/v2\/posts"}],"about":[{"href":"https:\/\/lenkaayurveda.sk\/index.php\/wp-json\/wp\/v2\/types\/post"}],"author":[{"embeddable":true,"href":"https:\/\/lenkaayurveda.sk\/index.php\/wp-json\/wp\/v2\/users\/1"}],"replies":[{"embeddable":true,"href":"https:\/\/lenkaayurveda.sk\/index.php\/wp-json\/wp\/v2\/comments?post=23814"}],"version-history":[{"count":1,"href":"https:\/\/lenkaayurveda.sk\/index.php\/wp-json\/wp\/v2\/posts\/23814\/revisions"}],"predecessor-version":[{"id":23815,"href":"https:\/\/lenkaayurveda.sk\/index.php\/wp-json\/wp\/v2\/posts\/23814\/revisions\/23815"}],"wp:featuredmedia":[{"embeddable":true,"href":"https:\/\/lenkaayurveda.sk\/index.php\/wp-json\/wp\/v2\/media\/23085"}],"wp:attachment":[{"href":"https:\/\/lenkaayurveda.sk\/index.php\/wp-json\/wp\/v2\/media?parent=23814"}],"wp:term":[{"taxonomy":"category","embeddable":true,"href":"https:\/\/lenkaayurveda.sk\/index.php\/wp-json\/wp\/v2\/categories?post=23814"},{"taxonomy":"post_tag","embeddable":true,"href":"https:\/\/lenkaayurveda.sk\/index.php\/wp-json\/wp\/v2\/tags?post=23814"}],"curies":[{"name":"wp","href":"https:\/\/api.w.org\/{rel}","templated":true}]}}